{"id":94,"date":"2020-05-19T07:41:00","date_gmt":"2020-05-19T07:41:00","guid":{"rendered":"http:\/\/musi.zgora.pl\/?p=94"},"modified":"2023-08-14T08:27:55","modified_gmt":"2023-08-14T08:27:55","slug":"komunikacja-z-akcjonariuszami","status":"publish","type":"post","link":"http:\/\/musi.zgora.pl\/?p=94","title":{"rendered":"Og\u0142oszenie WZA"},"content":{"rendered":"\n<p><\/p>\n\n\n\n<p><span class=\"has-inline-color has-very-dark-gray-color\">Przedsi\u0119biorstwo \u201eMUSI\u201d S.A. w Zielonej G\u00f3rze KRS 0000178440 S\u0105d Rejonowy w Zielonej G\u00f3rze, VIII Wydzia\u0142 Gospodarczy Krajowego Rejestru S\u0105dowego, wpis do rejestru 21 listopada 2003r.<\/span><\/p>\n\n\n\n<p><span class=\"has-inline-color has-very-dark-gray-color\">Na podstawie art.399 \u00a71 k.s.h. \/tekst jednolity Dz.U.2013.1030\/ oraz \u00a718 Statutu Sp\u00f3\u0142ki, Zarz\u0105d Przedsi\u0119biorstwa \u201eMUSI\u201d S.A. w Zielonej G\u00f3rze ul. Fabryczna 23a zwo\u0142uje na dzie\u0144 24.06.2020 r. na godz. 9.00 w Kancelarii Notarialnej Edyta Sompoli\u0144ska w Zielonej G\u00f3rze ul. Stary Rynek 7 Zwyczajne Walnego Zgromadzenia Akcjonariuszy.<\/span><\/p>\n\n\n\n<p><span class=\"has-inline-color has-very-dark-gray-color\">Proponowany porz\u0105dek obrad:<\/span><\/p>\n\n\n\n<ol class=\"wp-block-list\"><li><span class=\"has-inline-color has-very-dark-gray-color\">Otwarcie obrad Zwyczajnego Walnego Zgromadzenia Akcjonariuszy.<\/span><\/li><li><span class=\"has-inline-color has-very-dark-gray-color\">Wyb\u00f3r Przewodnicz\u0105cego Zwyczajnego Walnego Zgromadzenia Akcjonariuszy.<\/span><\/li><li><span class=\"has-inline-color has-very-dark-gray-color\">Stwierdzenie prawid\u0142owo\u015bci zwo\u0142ania Zwyczajnego Walnego Zgromadzenia Akcjonariuszy i jego zdolno\u015b\u0107 do podejmowania uchwa\u0142.<\/span><\/li><li><span class=\"has-inline-color has-very-dark-gray-color\">Wyb\u00f3r komisji skrutacyjnej.<\/span><\/li><li><span class=\"has-inline-color has-very-dark-gray-color\">Przyj\u0119cie porz\u0105dku obrad.<\/span><\/li><li><span class=\"has-inline-color has-very-dark-gray-color\">Przedstawienie i rozpatrzenie sprawozdania Zarz\u0105du z dzia\u0142alno\u015bci Sp\u00f3\u0142ki oraz sprawozdania finansowego za rok obrotowy 2019.<\/span><\/li><li><span class=\"has-inline-color has-very-dark-gray-color\">Przedstawienie i rozpatrzenie sprawozdania Rady Nadzorczej za rok 2019.<\/span><\/li><li><span class=\"has-inline-color has-very-dark-gray-color\">Podj\u0119cie uchwa\u0142 w przedmiocie zatwierdzenia sprawozdania Zarz\u0105du z dzia\u0142alno\u015bci Sp\u00f3\u0142ki za rok obrotowy 2019 oraz w sprawie zatwierdzenia sprawozdania finansowego za rok 2019.<\/span><\/li><li><span class=\"has-inline-color has-very-dark-gray-color\">Podj\u0119cie uchwa\u0142 w sprawie udzielenia absolutorium cz\u0142onkom Zarz\u0105du oraz cz\u0142onkom Rady Nadzorczej Sp\u00f3\u0142ki z wykonania przez nich obowi\u0105zk\u00f3w za rok obrotowy 2019.<\/span><\/li><li><span class=\"has-inline-color has-very-dark-gray-color\">Podj\u0119cie uchwa\u0142y o podziale zysku za rok obrotowy 2019.<\/span><\/li><li><span class=\"has-inline-color has-very-dark-gray-color\">Przyj\u0119cie uchwa\u0142y w sprawie przyj\u0119cia uproszczonych zasad sporz\u0105dzania sprawozda\u0144 finansowych przyj\u0119tych dla jednostek ma\u0142ych.<\/span><\/li><li><span class=\"has-inline-color has-very-dark-gray-color\">Przyj\u0119cie uchwa\u0142y w sprawie zmiany przedmiotu dzia\u0142alno\u015bci przedsi\u0119biorstwa Sp\u00f3\u0142ki.<\/span><\/li><li><span class=\"has-inline-color has-very-dark-gray-color\">Przyj\u0119cie uchwa\u0142y w sprawie zatwierdzenia wniosku Zarz\u0105du o z\u0142omowanie maszyn i urz\u0105dze\u0144.<\/span><\/li><li><span class=\"has-inline-color has-very-dark-gray-color\">Przyj\u0119cie uchwa\u0142y w sprawie zmiany zasad wynagradzania cz\u0142onk\u00f3w Rady Nadzorczej.<\/span><\/li><li><span class=\"has-inline-color has-very-dark-gray-color\">Podj\u0119cie uchwa\u0142y w sprawie wyboru podmiotu prowadz\u0105cego Rejestr Akcjonariuszy zgodnie z ustawa z dnia 30 sierpnia 2019 o zmianie ustawy KSH oraz niekt\u00f3rych innych ustaw (DZ.U. 2019 poz. 1798).<\/span><\/li><li><span class=\"has-inline-color has-very-dark-gray-color\">Dyskusja \u2013 sprawy r\u00f3\u017cne.<\/span><\/li><li><span class=\"has-inline-color has-very-dark-gray-color\">Zamkni\u0119cie obrad.<\/span><\/li><\/ol>\n\n\n\n<p><\/p>\n","protected":false},"excerpt":{"rendered":"<p>Przedsi\u0119biorstwo \u201eMUSI\u201d S.A. w Zielonej G\u00f3rze KRS 0000178440 S\u0105d Rejonowy w Zielonej G\u00f3rze, VIII Wydzia\u0142 Gospodarczy Krajowego Rejestru S\u0105dowego, wpis do rejestru 21 listopada 2003r. Na podstawie art.399 \u00a71 k.s.h. \/tekst jednolity Dz.U.2013.1030\/ oraz \u00a718 Statutu Sp\u00f3\u0142ki, Zarz\u0105d Przedsi\u0119biorstwa \u201eMUSI\u201d S.A. w Zielonej G\u00f3rze ul. Fabryczna 23a zwo\u0142uje na dzie\u0144 24.06.2020 r. na godz. 9.00 &#8230;.&nbsp;&nbsp;<a class=\" special\" href=\"http:\/\/musi.zgora.pl\/?p=94\">Continue Reading<\/a><\/p>\n","protected":false},"author":1,"featured_media":0,"comment_status":"closed","ping_status":"open","sticky":false,"template":"","format":"standard","meta":{"pagelayer_contact_templates":[],"_pagelayer_content":"","footnotes":""},"categories":[4],"tags":[],"class_list":["post-94","post","type-post","status-publish","format-standard","hentry","category-komunikacja-z-akcjonariuszami"],"_links":{"self":[{"href":"http:\/\/musi.zgora.pl\/index.php?rest_route=\/wp\/v2\/posts\/94"}],"collection":[{"href":"http:\/\/musi.zgora.pl\/index.php?rest_route=\/wp\/v2\/posts"}],"about":[{"href":"http:\/\/musi.zgora.pl\/index.php?rest_route=\/wp\/v2\/types\/post"}],"author":[{"embeddable":true,"href":"http:\/\/musi.zgora.pl\/index.php?rest_route=\/wp\/v2\/users\/1"}],"replies":[{"embeddable":true,"href":"http:\/\/musi.zgora.pl\/index.php?rest_route=%2Fwp%2Fv2%2Fcomments&post=94"}],"version-history":[{"count":3,"href":"http:\/\/musi.zgora.pl\/index.php?rest_route=\/wp\/v2\/posts\/94\/revisions"}],"predecessor-version":[{"id":146,"href":"http:\/\/musi.zgora.pl\/index.php?rest_route=\/wp\/v2\/posts\/94\/revisions\/146"}],"wp:attachment":[{"href":"http:\/\/musi.zgora.pl\/index.php?rest_route=%2Fwp%2Fv2%2Fmedia&parent=94"}],"wp:term":[{"taxonomy":"category","embeddable":true,"href":"http:\/\/musi.zgora.pl\/index.php?rest_route=%2Fwp%2Fv2%2Fcategories&post=94"},{"taxonomy":"post_tag","embeddable":true,"href":"http:\/\/musi.zgora.pl\/index.php?rest_route=%2Fwp%2Fv2%2Ftags&post=94"}],"curies":[{"name":"wp","href":"https:\/\/api.w.org\/{rel}","templated":true}]}}