{"id":212,"date":"2023-05-26T07:11:08","date_gmt":"2023-05-26T07:11:08","guid":{"rendered":"http:\/\/musi.zgora.pl\/?p=212"},"modified":"2024-06-05T07:10:01","modified_gmt":"2024-06-05T07:10:01","slug":"ogloszenie-o-zwza-2","status":"publish","type":"post","link":"http:\/\/musi.zgora.pl\/?p=212","title":{"rendered":"Og\u0142oszenie o ZWZA"},"content":{"rendered":"\n<p>Przedsi\u0119biorstwo \u201eMUSI\u201d S.A. w Zielonej G\u00f3rze KRS 0000178440 S\u0105d Rejonowy w Zielonej G\u00f3rze, VIII Wydzia\u0142 Gospodarczy Krajowego Rejestru S\u0105dowego, wpis do rejestru 21 listopada 2003r.<\/p>\n\n\n\n<p>Na podstawie art.399 \u00a71 k.s.h. \/tekst jednolity Dz.U.2013.1030\/ oraz \u00a718 Statutu Sp\u00f3\u0142ki, Zarz\u0105d Przedsi\u0119biorstwa \u201eMUSI\u201d S.A. w Zielonej G\u00f3rze ul. Fabryczna 23a zwo\u0142uje na dzie\u0144 27.06.2023 r. na godz. 9.00 w Kancelarii Notarialnej Edyta Sompoli\u0144ska w Zielonej G\u00f3rze ul. Stary Rynek 7 Zwyczajne Walnego Zgromadzenia Akcjonariuszy.<\/p>\n\n\n\n<p>Proponowany porz\u0105dek obrad:<\/p>\n\n\n\n<ol class=\"wp-block-list\">\n<li>Otwarcie obrad Zwyczajnego Walnego Zgromadzenia Akcjonariuszy.<\/li>\n\n\n\n<li>Wyb\u00f3r Przewodnicz\u0105cego Zwyczajnego Walnego Zgromadzenia Akcjonariuszy.<\/li>\n\n\n\n<li>Stwierdzenie prawid\u0142owo\u015bci zwo\u0142ania Zwyczajnego Walnego Zgromadzenia Akcjonariuszy i jego zdolno\u015b\u0107 do podejmowania uchwa\u0142.<\/li>\n\n\n\n<li>Wyb\u00f3r komisji skrutacyjnej.<\/li>\n\n\n\n<li>Przyj\u0119cie porz\u0105dku obrad.<\/li>\n\n\n\n<li>Przedstawienie i rozpatrzenie sprawozdania finansowego za rok obrotowy 2022.<\/li>\n\n\n\n<li>Przedstawienie i rozpatrzenie sprawozdania Rady Nadzorczej za rok 2022.<\/li>\n\n\n\n<li>Podj\u0119cie uchwa\u0142 w sprawie zatwierdzenia sprawozdania finansowego za rok 2022.<\/li>\n\n\n\n<li>Podj\u0119cie uchwa\u0142 w sprawie udzielenia absolutorium cz\u0142onkom Zarz\u0105du oraz cz\u0142onkom Rady Nadzorczej Sp\u00f3\u0142ki z wykonania przez nich obowi\u0105zk\u00f3w za rok obrotowy 2022.<\/li>\n\n\n\n<li>Podj\u0119cie uchwa\u0142y o pokryciu straty za rok obrotowy 2022.<\/li>\n\n\n\n<li>Wyb\u00f3r cz\u0142onka Rady Nadzorczej.<\/li>\n\n\n\n<li>Dyskusja \u2013 sprawy r\u00f3\u017cne.<\/li>\n\n\n\n<li>Zamkni\u0119cie obrad.<\/li>\n<\/ol>\n","protected":false},"excerpt":{"rendered":"<p>Przedsi\u0119biorstwo \u201eMUSI\u201d S.A. w Zielonej G\u00f3rze KRS 0000178440 S\u0105d Rejonowy w Zielonej G\u00f3rze, VIII Wydzia\u0142 Gospodarczy Krajowego Rejestru S\u0105dowego, wpis do rejestru 21 listopada 2003r. Na podstawie art.399 \u00a71 k.s.h. \/tekst jednolity Dz.U.2013.1030\/ oraz \u00a718 Statutu Sp\u00f3\u0142ki, Zarz\u0105d Przedsi\u0119biorstwa \u201eMUSI\u201d S.A. w Zielonej G\u00f3rze ul. Fabryczna 23a zwo\u0142uje na dzie\u0144 27.06.2023 r. na godz. 9.00 &#8230;.&nbsp;&nbsp;<a class=\" special\" href=\"http:\/\/musi.zgora.pl\/?p=212\">Continue Reading<\/a><\/p>\n","protected":false},"author":1,"featured_media":0,"comment_status":"closed","ping_status":"open","sticky":false,"template":"","format":"standard","meta":{"pagelayer_contact_templates":[],"_pagelayer_content":"","footnotes":""},"categories":[4],"tags":[],"class_list":["post-212","post","type-post","status-publish","format-standard","hentry","category-komunikacja-z-akcjonariuszami"],"_links":{"self":[{"href":"http:\/\/musi.zgora.pl\/index.php?rest_route=\/wp\/v2\/posts\/212"}],"collection":[{"href":"http:\/\/musi.zgora.pl\/index.php?rest_route=\/wp\/v2\/posts"}],"about":[{"href":"http:\/\/musi.zgora.pl\/index.php?rest_route=\/wp\/v2\/types\/post"}],"author":[{"embeddable":true,"href":"http:\/\/musi.zgora.pl\/index.php?rest_route=\/wp\/v2\/users\/1"}],"replies":[{"embeddable":true,"href":"http:\/\/musi.zgora.pl\/index.php?rest_route=%2Fwp%2Fv2%2Fcomments&post=212"}],"version-history":[{"count":2,"href":"http:\/\/musi.zgora.pl\/index.php?rest_route=\/wp\/v2\/posts\/212\/revisions"}],"predecessor-version":[{"id":224,"href":"http:\/\/musi.zgora.pl\/index.php?rest_route=\/wp\/v2\/posts\/212\/revisions\/224"}],"wp:attachment":[{"href":"http:\/\/musi.zgora.pl\/index.php?rest_route=%2Fwp%2Fv2%2Fmedia&parent=212"}],"wp:term":[{"taxonomy":"category","embeddable":true,"href":"http:\/\/musi.zgora.pl\/index.php?rest_route=%2Fwp%2Fv2%2Fcategories&post=212"},{"taxonomy":"post_tag","embeddable":true,"href":"http:\/\/musi.zgora.pl\/index.php?rest_route=%2Fwp%2Fv2%2Ftags&post=212"}],"curies":[{"name":"wp","href":"https:\/\/api.w.org\/{rel}","templated":true}]}}